{"id":61,"date":"2024-10-16T23:04:13","date_gmt":"2024-10-16T23:04:13","guid":{"rendered":"https:\/\/corpoeducacion.org.co\/recarga\/?p=61"},"modified":"2025-02-05T03:49:46","modified_gmt":"2025-02-05T03:49:46","slug":"recuperacion-de-aprendizajes-clave-para-el-futuro-de-la-educacion","status":"publish","type":"post","link":"https:\/\/corpoeducacion.org.co\/recarga\/uncategorized\/recuperacion-de-aprendizajes-clave-para-el-futuro-de-la-educacion\/","title":{"rendered":"Recuperaci\u00f3n de aprendizajes: clave para el futuro de la educaci\u00f3n"},"content":{"rendered":"\n<p><strong><em>Escrito por&nbsp;Carolina L\u00f3pez&nbsp;<\/em>\u2013&nbsp;<em>Arm\u00f3nico Agencia Consultora.<\/em>&nbsp;*&nbsp;<\/strong><\/p>\n\n\n\n<p>La pandemia impact\u00f3 profundamente el sistema educativo, evidenciando una \u201cpobreza de aprendizajes\u201d que afecta a los estudiantes, aumenta la deserci\u00f3n escolar y ampl\u00eda las brechas educativas. Esto no solo impacta<strong>&nbsp;<\/strong>el desempe\u00f1o acad\u00e9mico, sino tambi\u00e9n el bienestar social y emocional de los j\u00f3venes, dejando posibles consecuencias a nivel personal, econ\u00f3mico y social.<\/p>\n\n\n\n<p>Para enfrentar esta crisis, es esencial implementar programas de recuperaci\u00f3n de aprendizajes que permitan a los estudiantes nivelarse, recuperar la confianza y desarrollar las habilidades necesarias para su futuro. Estos programas deben ser inclusivos, integrales y adaptarse a las necesidades individuales, asegurando que ning\u00fan estudiante quede atr\u00e1s. Solo as\u00ed podremos reducir la deserci\u00f3n, cerrar las brechas educativas y garantizar un desarrollo equitativo para todos.<\/p>\n\n\n\n<p>Programas como Recarga: Aprendizajes al 100%, de la Fundaci\u00f3n Corona y Corpoeducaci\u00f3n, con el apoyo de otros aliados, est\u00e1n dise\u00f1ados para atender estas necesidades. Recarga, por ejemplo, se destaca por su enfoque en el desarrollo de habilidades socioemocionales y ocupacionales, y un seguimiento continuo del progreso estudiantil. Adem\u00e1s, incluye estrategias pedag\u00f3gicas innovadoras y una evaluaci\u00f3n formativa integral para asegurar la nivelaci\u00f3n de los estudiantes.<\/p>\n\n\n\n<p>Recarga marca la diferencia por 5 aspectos clave:<\/p>\n\n\n\n<ul class=\"wp-block-list\">\n<li>Reconocimiento de las necesidades \u00fanicas de cada instituci\u00f3n a trav\u00e9s de pruebas diagn\u00f3sticas.<\/li>\n\n\n\n<li>Recuperaci\u00f3n de aprendizajes en ingl\u00e9s, una \u00e1rea fundamental para el futuro.<\/li>\n\n\n\n<li>Desarrollo articulado de habilidades socioemocionales y orientaci\u00f3n socio ocupacional para apoyar la toma de decisiones informada.<\/li>\n\n\n\n<li>Estrategia transversal de seguimiento y monitoreo para asegurar el progreso de cada estudiante.<\/li>\n\n\n\n<li>Uso integral de la evaluaci\u00f3n formativa, sumativa, diagn\u00f3stica, de procesos y resultados.<\/li>\n<\/ul>\n\n\n\n<p>\u00bfTe gustar\u00eda conocer m\u00e1s sobre c\u00f3mo este programa est\u00e1 marcando la diferencia en nuestro pa\u00eds? Ingresa a:&nbsp;<a href=\"http:\/\/www.corpoeducacion.org.co\/recarga\" target=\"_blank\" rel=\"noreferrer noopener\">http:\/\/www.corpoeducacion.org.co\/recarga<\/a><\/p>\n\n\n\n<p>\u00a1Sigamos trabajando juntos para garantizar que cada joven tenga la oportunidad de alcanzar su m\u00e1ximo potencial y contribuir positivamente a nuestra sociedad!<\/p>\n\n\n\n<p><em>*CORPOEDUCACI\u00d3N no es responsable por las opiniones ofrecidas en este espacio<\/em>.<\/p>\n\n\n\n<p><\/p>\n","protected":false},"excerpt":{"rendered":"<p>Escrito por&nbsp;Carolina L\u00f3pez&nbsp;\u2013&nbsp;Arm\u00f3nico Agencia Consultora.&nbsp;*&nbsp; La pandemia impact\u00f3 profundamente el sistema educativo, evidenciando una \u201cpobreza de aprendizajes\u201d que afecta a los estudiantes, aumenta la deserci\u00f3n escolar y ampl\u00eda las brechas educativas. Esto no solo impacta&nbsp;el desempe\u00f1o acad\u00e9mico, sino tambi\u00e9n el bienestar social y emocional de los j\u00f3venes, dejando posibles consecuencias a nivel personal, econ\u00f3mico y [&hellip;]<\/p>\n","protected":false},"author":1,"featured_media":62,"comment_status":"open","ping_status":"open","sticky":false,"template":"","format":"standard","meta":{"_monsterinsights_skip_tracking":false,"_monsterinsights_sitenote_active":false,"_monsterinsights_sitenote_note":"","_monsterinsights_sitenote_category":0,"_uf_show_specific_survey":0,"_uf_disable_surveys":false,"footnotes":""},"categories":[1],"tags":[],"class_list":["post-61","post","type-post","status-publish","format-standard","has-post-thumbnail","hentry","category-uncategorized"],"aioseo_notices":[],"_links":{"self":[{"href":"https:\/\/corpoeducacion.org.co\/recarga\/wp-json\/wp\/v2\/posts\/61","targetHints":{"allow":["GET"]}}],"collection":[{"href":"https:\/\/corpoeducacion.org.co\/recarga\/wp-json\/wp\/v2\/posts"}],"about":[{"href":"https:\/\/corpoeducacion.org.co\/recarga\/wp-json\/wp\/v2\/types\/post"}],"author":[{"embeddable":true,"href":"https:\/\/corpoeducacion.org.co\/recarga\/wp-json\/wp\/v2\/users\/1"}],"replies":[{"embeddable":true,"href":"https:\/\/corpoeducacion.org.co\/recarga\/wp-json\/wp\/v2\/comments?post=61"}],"version-history":[{"count":2,"href":"https:\/\/corpoeducacion.org.co\/recarga\/wp-json\/wp\/v2\/posts\/61\/revisions"}],"predecessor-version":[{"id":278,"href":"https:\/\/corpoeducacion.org.co\/recarga\/wp-json\/wp\/v2\/posts\/61\/revisions\/278"}],"wp:featuredmedia":[{"embeddable":true,"href":"https:\/\/corpoeducacion.org.co\/recarga\/wp-json\/wp\/v2\/media\/62"}],"wp:attachment":[{"href":"https:\/\/corpoeducacion.org.co\/recarga\/wp-json\/wp\/v2\/media?parent=61"}],"wp:term":[{"taxonomy":"category","embeddable":true,"href":"https:\/\/corpoeducacion.org.co\/recarga\/wp-json\/wp\/v2\/categories?post=61"},{"taxonomy":"post_tag","embeddable":true,"href":"https:\/\/corpoeducacion.org.co\/recarga\/wp-json\/wp\/v2\/tags?post=61"}],"curies":[{"name":"wp","href":"https:\/\/api.w.org\/{rel}","templated":true}]}}