{"id":58,"date":"2024-10-16T23:01:11","date_gmt":"2024-10-16T23:01:11","guid":{"rendered":"https:\/\/corpoeducacion.org.co\/recarga\/?p=58"},"modified":"2025-02-05T03:50:47","modified_gmt":"2025-02-05T03:50:47","slug":"recarga-aprendizajes-al-100","status":"publish","type":"post","link":"https:\/\/corpoeducacion.org.co\/recarga\/uncategorized\/recarga-aprendizajes-al-100\/","title":{"rendered":"Recarga: Aprendizajes al 100%"},"content":{"rendered":"\n<p>Durante los \u00faltimos a\u00f1os, se han generado cambios significativos en los procesos de formaci\u00f3n escolar de los ni\u00f1os, ni\u00f1as y adolescentes. Para responder a estos efectos, la Fundaci\u00f3n Corona, GOYN y Corpoeducaci\u00f3n se han aliado con el prop\u00f3sito de dise\u00f1ar una estrategia que contribuya a la recuperaci\u00f3n de aprendizajes de estudiantes de d\u00e9cimo y once grado.<\/p>\n\n\n\n<p>En el 2023, desarrollamos la primera fase de implementaci\u00f3n del programa \u201cRecarga Aprendizajes al 100%\u201d en 4 instituciones educativas de Bogot\u00e1 para cualificar las pr\u00e1cticas de aula de aproximadamente 40 docentes y directivas mediante la entrega de kits con materiales pedag\u00f3gicas y la realizaci\u00f3n de talleres de formaci\u00f3n. Estas acciones estuvieron dirigidas a contribuir a la recuperaci\u00f3n de aprendizajes en las \u00e1reas de lenguaje, matem\u00e1ticas e ingl\u00e9s, especialmente para aquellos estudiantes con mayores rezagos en los dos \u00faltimos a\u00f1os escolares.<\/p>\n\n\n\n<p>Adem\u00e1s, abordamos el componente de orientaci\u00f3n socio ocupacional con cerca de 680 estudiantes y docentes para que el aprendizaje adquirido tenga relevancia en la vida cotidiana de los j\u00f3venes y que incida en la consolidaci\u00f3n de sus proyectos de vida.<\/p>\n\n\n\n<p><strong>\u00bfC\u00f3mo avanzamos en el 2024?<\/strong><\/p>\n\n\n\n<p>Este a\u00f1o marca el inicio de la segunda fase del programa con la Fundaci\u00f3n Grupo Social como nuevo aliado, la cual tiene como objetivo continuar acompa\u00f1ando a las 4 instituciones educativas de Bogot\u00e1 y 2 nuevas que se unieron a este reto para fortalecer las capacidades institucionales a trav\u00e9s de sesiones de acompa\u00f1amiento y jornadas de formaci\u00f3n a docente en metodolog\u00eda y evaluaci\u00f3n, y a estudiantes de d\u00e9cimo grado en orientaci\u00f3n socio ocupacional. A su vez, nos enfocaremos en consolidar las estrategias propias de la recuperaci\u00f3n de aprendizaje, promoviendo la nivelaci\u00f3n escolar de forma continua para estudiantes de educaci\u00f3n media.<\/p>\n\n\n\n<p>De esta manera, con el compromiso continuo de nuestras organizaciones aliadas y el esfuerzo conjunto de docentes, directivas y estudiantes, estamos construyendo un camino hacia una educaci\u00f3n m\u00e1s equitativa, resiliente y de calidad. Sigamos trabajando juntos para garantizar que cada joven tenga la oportunidad de alcanzar su m\u00e1ximo potencial y contribuir positivamente a la sociedad.<\/p>\n","protected":false},"excerpt":{"rendered":"<p>Durante los \u00faltimos a\u00f1os, se han generado cambios significativos en los procesos de formaci\u00f3n escolar de los ni\u00f1os, ni\u00f1as y adolescentes. Para responder a estos efectos, la Fundaci\u00f3n Corona, GOYN y Corpoeducaci\u00f3n se han aliado con el prop\u00f3sito de dise\u00f1ar una estrategia que contribuya a la recuperaci\u00f3n de aprendizajes de estudiantes de d\u00e9cimo y once [&hellip;]<\/p>\n","protected":false},"author":1,"featured_media":59,"comment_status":"open","ping_status":"open","sticky":false,"template":"","format":"standard","meta":{"_monsterinsights_skip_tracking":false,"_monsterinsights_sitenote_active":false,"_monsterinsights_sitenote_note":"","_monsterinsights_sitenote_category":0,"_uf_show_specific_survey":0,"_uf_disable_surveys":false,"footnotes":""},"categories":[1],"tags":[],"class_list":["post-58","post","type-post","status-publish","format-standard","has-post-thumbnail","hentry","category-uncategorized"],"aioseo_notices":[],"_links":{"self":[{"href":"https:\/\/corpoeducacion.org.co\/recarga\/wp-json\/wp\/v2\/posts\/58","targetHints":{"allow":["GET"]}}],"collection":[{"href":"https:\/\/corpoeducacion.org.co\/recarga\/wp-json\/wp\/v2\/posts"}],"about":[{"href":"https:\/\/corpoeducacion.org.co\/recarga\/wp-json\/wp\/v2\/types\/post"}],"author":[{"embeddable":true,"href":"https:\/\/corpoeducacion.org.co\/recarga\/wp-json\/wp\/v2\/users\/1"}],"replies":[{"embeddable":true,"href":"https:\/\/corpoeducacion.org.co\/recarga\/wp-json\/wp\/v2\/comments?post=58"}],"version-history":[{"count":2,"href":"https:\/\/corpoeducacion.org.co\/recarga\/wp-json\/wp\/v2\/posts\/58\/revisions"}],"predecessor-version":[{"id":279,"href":"https:\/\/corpoeducacion.org.co\/recarga\/wp-json\/wp\/v2\/posts\/58\/revisions\/279"}],"wp:featuredmedia":[{"embeddable":true,"href":"https:\/\/corpoeducacion.org.co\/recarga\/wp-json\/wp\/v2\/media\/59"}],"wp:attachment":[{"href":"https:\/\/corpoeducacion.org.co\/recarga\/wp-json\/wp\/v2\/media?parent=58"}],"wp:term":[{"taxonomy":"category","embeddable":true,"href":"https:\/\/corpoeducacion.org.co\/recarga\/wp-json\/wp\/v2\/categories?post=58"},{"taxonomy":"post_tag","embeddable":true,"href":"https:\/\/corpoeducacion.org.co\/recarga\/wp-json\/wp\/v2\/tags?post=58"}],"curies":[{"name":"wp","href":"https:\/\/api.w.org\/{rel}","templated":true}]}}