{"id":625,"date":"2025-09-30T20:22:37","date_gmt":"2025-09-30T20:22:37","guid":{"rendered":"https:\/\/corpoeducacion.org.co\/pensar\/?p=625"},"modified":"2025-10-10T22:23:05","modified_gmt":"2025-10-10T22:23:05","slug":"modelo-pedagogico-pensar-2","status":"publish","type":"post","link":"https:\/\/corpoeducacion.org.co\/pensar\/uncategorized\/modelo-pedagogico-pensar-2\/","title":{"rendered":"MODELO PEDAG\u00d3GICO PENSAR\u00ae"},"content":{"rendered":"\n<p>Invitamos a docentes, estudiantes, investigadores y dem\u00e1s personas interesadas en los modelos educativos flexibles a visitar la p\u00e1gina de nuestro Modelo Pedag\u00f3gico Pensar<em>\u00ae<\/em>\u00a0-para estudiantes en extraedad de educaci\u00f3n b\u00e1sica secundaria y media-.\u00a0Actualizamos\u00a0su contenido\u00a0con\u00a0nuevos y variados recursos para continuar\u00a0la\u00a0reflexi\u00f3n\u00a0sobre estrategias educativas\u00a0dirigidas a\u00a0poblaciones en condici\u00f3n de vulnerabilidad.\u00a0<\/p>\n\n\n\n<h4 class=\"wp-block-heading\"><strong><a rel=\"noreferrer noopener\" href=\"http:\/\/pensar.corpoeducacion.org.co\/\" target=\"_blank\">HTTP:\/\/PENSAR.CORPOEDUCACION.ORG.CO\/<\/a><\/strong><\/h4>\n\n\n\n<h4 class=\"wp-block-heading\">EL MODELO CUENTA CON APROBACI\u00d3N DEL MINISTERIO DE EDUCACI\u00d3N NACIONAL Y C\u00d3DIGO EN EL SISTEMA INTEGRADO DE MATR\u00cdCULA \u2013 SIMAT Y EST\u00c1 CONSTRUIDO SOBRE LA BASE DE LOS REFERENTES DE CALIDAD EDUCATIVA.<\/h4>\n\n\n\n<figure class=\"wp-block-embed is-type-video is-provider-youtube wp-block-embed-youtube wp-embed-aspect-16-9 wp-has-aspect-ratio\"><div class=\"wp-block-embed__wrapper\">\n<iframe title=\"Modelo Pedag\u00f3gico PENSAR en Itag\u00fc\u00ed\" width=\"800\" height=\"450\" src=\"https:\/\/www.youtube.com\/embed\/2ags7IFu8WI?feature=oembed\" frameborder=\"0\" allow=\"accelerometer; autoplay; clipboard-write; encrypted-media; gyroscope; picture-in-picture; web-share\" referrerpolicy=\"strict-origin-when-cross-origin\" allowfullscreen><\/iframe>\n<\/div><\/figure>\n\n\n\n<p>Brochure Modelo Pedag\u00f3gico Pensar<em>\u00ae<\/em>:\u00a0<a href=\"http:\/\/www.iitecnologia.co\/wp-content\/uploads\/2019\/11\/Brochure-Pensar-2019.pdf\">http:\/\/www.iitecnologia.co\/wp-content\/uploads\/2019\/11\/Brochure-Pensar-2019.pdf<\/a><\/p>\n","protected":false},"excerpt":{"rendered":"<p>Invitamos a docentes, estudiantes, investigadores y dem\u00e1s personas interesadas en los modelos educativos flexibles a visitar la p\u00e1gina de nuestro Modelo Pedag\u00f3gico Pensar\u00ae\u00a0-para estudiantes en extraedad de educaci\u00f3n b\u00e1sica secundaria y media-.\u00a0Actualizamos\u00a0su contenido\u00a0con\u00a0nuevos y variados recursos para continuar\u00a0la\u00a0reflexi\u00f3n\u00a0sobre estrategias educativas\u00a0dirigidas a\u00a0poblaciones en condici\u00f3n de vulnerabilidad.\u00a0 HTTP:\/\/PENSAR.CORPOEDUCACION.ORG.CO\/ EL MODELO CUENTA CON APROBACI\u00d3N DEL MINISTERIO DE EDUCACI\u00d3N [&hellip;]<\/p>\n","protected":false},"author":1,"featured_media":0,"comment_status":"open","ping_status":"open","sticky":false,"template":"","format":"standard","meta":{"_monsterinsights_skip_tracking":false,"_monsterinsights_sitenote_active":false,"_monsterinsights_sitenote_note":"","_monsterinsights_sitenote_category":0,"footnotes":""},"categories":[1],"tags":[],"class_list":["post-625","post","type-post","status-publish","format-standard","hentry","category-uncategorized"],"aioseo_notices":[],"_links":{"self":[{"href":"https:\/\/corpoeducacion.org.co\/pensar\/wp-json\/wp\/v2\/posts\/625","targetHints":{"allow":["GET"]}}],"collection":[{"href":"https:\/\/corpoeducacion.org.co\/pensar\/wp-json\/wp\/v2\/posts"}],"about":[{"href":"https:\/\/corpoeducacion.org.co\/pensar\/wp-json\/wp\/v2\/types\/post"}],"author":[{"embeddable":true,"href":"https:\/\/corpoeducacion.org.co\/pensar\/wp-json\/wp\/v2\/users\/1"}],"replies":[{"embeddable":true,"href":"https:\/\/corpoeducacion.org.co\/pensar\/wp-json\/wp\/v2\/comments?post=625"}],"version-history":[{"count":4,"href":"https:\/\/corpoeducacion.org.co\/pensar\/wp-json\/wp\/v2\/posts\/625\/revisions"}],"predecessor-version":[{"id":689,"href":"https:\/\/corpoeducacion.org.co\/pensar\/wp-json\/wp\/v2\/posts\/625\/revisions\/689"}],"wp:attachment":[{"href":"https:\/\/corpoeducacion.org.co\/pensar\/wp-json\/wp\/v2\/media?parent=625"}],"wp:term":[{"taxonomy":"category","embeddable":true,"href":"https:\/\/corpoeducacion.org.co\/pensar\/wp-json\/wp\/v2\/categories?post=625"},{"taxonomy":"post_tag","embeddable":true,"href":"https:\/\/corpoeducacion.org.co\/pensar\/wp-json\/wp\/v2\/tags?post=625"}],"curies":[{"name":"wp","href":"https:\/\/api.w.org\/{rel}","templated":true}]}}