{"id":622,"date":"2025-09-30T20:20:21","date_gmt":"2025-09-30T20:20:21","guid":{"rendered":"https:\/\/corpoeducacion.org.co\/pensar\/?p=622"},"modified":"2025-10-10T22:23:40","modified_gmt":"2025-10-10T22:23:40","slug":"iniciamos-un-nuevo-proceso-de-fortalecimiento-de-proyectos-transversales-y-de-implementacion-del-modelo-pedagogico-pensar","status":"publish","type":"post","link":"https:\/\/corpoeducacion.org.co\/pensar\/uncategorized\/iniciamos-un-nuevo-proceso-de-fortalecimiento-de-proyectos-transversales-y-de-implementacion-del-modelo-pedagogico-pensar\/","title":{"rendered":"INICIAMOS UN NUEVO PROCESO DE FORTALECIMIENTO DE PROYECTOS TRANSVERSALES Y DE IMPLEMENTACI\u00d3N DEL MODELO PEDAG\u00d3GICO PENSAR\u00ae"},"content":{"rendered":"\n<p>Corpoeducaci\u00f3n y Ecopetrol crean una nueva alianza estrat\u00e9gica para contribuir al mejoramiento de la calidad educativa y la retenci\u00f3n escolar por medio del desarrollo del convenio AC-02 que realizar\u00e1 formaci\u00f3n de docentes y entrega de materiales educativos en los centros escolares La Pava, Luis Antonio Calvo, Atanasio Girardot, Marco Antonio Mancera y en las instituciones educativas Antonio Nari\u00f1o y Jos\u00e9 Odel Lizarazo del municipio de Saravena en el departamento de Arauca.<\/p>\n\n\n\n<p>Este proyecto trabajar\u00e1 tres componentes:<\/p>\n\n\n\n<ul class=\"wp-block-list\">\n<li>Formaci\u00f3n a docentes de b\u00e1sica primaria y entrega de materiales de La Aldea para el fortalecimiento de los&nbsp;<strong>proyectos transversales<\/strong>&nbsp;en educaci\u00f3n para la sexualidad y construcci\u00f3n de ciudadan\u00eda, educaci\u00f3n para la paz y educaci\u00f3n ambiental. Para la implementaci\u00f3n de este componente, el equipo realizar\u00e1 un proceso de acompa\u00f1amiento en el cual se formar\u00e1 a docentes en las tem\u00e1ticas mencionadas y en el manejo de los materiales de La Aldea: cartillas 1 y 2 de Historias de ciudadan\u00eda y medio ambiente; Historias para estar en casa \u2013 Una pausa necesaria; Ponte en los zapatos: 1.000 maneras, cortejo, reproducci\u00f3n y autocuidado de los seres vivos; y Ju\u00e9gatela por tu territorio.<\/li>\n\n\n\n<li>Formaci\u00f3n y entrega de materiales para el desarrollo del&nbsp;<strong>Modelo Pedag\u00f3gico Pensar<\/strong>, un modelo flexible que contribuye a nivelar a estudiantes en extraedad de los niveles de secundaria y media. Se entregar\u00e1n los materiales de cada ciclo a los estudiantes participantes y los manuales correspondientes a los docentes. As\u00ed mismo, se realizar\u00e1n dos acompa\u00f1amientos in situ a estas instituciones educativas para lograr que los y las estudiantes que participen en los grupos puedan reincorporarse a la escuela en los grados que por su edad les corresponden. Es importante mencionar que este modelo fue desarrollado por Corpoeducaci\u00f3n y cuenta con aprobaci\u00f3n del Ministerio de Educaci\u00f3n Nacional y c\u00f3digo en el Sistema Integrado de Matr\u00edcula \u2013 SIMAT.<\/li>\n\n\n\n<li><strong>Transferencia<\/strong>&nbsp;de los resultados de la implementaci\u00f3n de La Aldea en el fortalecimiento de los proyectos transversales y del Modelo Pensar a un equipo de la&nbsp;<strong>Secretar\u00eda de Educaci\u00f3n Departamental de Arauca<\/strong>&nbsp;por medio de tres sesiones para cada uno de los anteriores componentes. Con esta estrategia se busca dejar la capacidad instalada en la Secretar\u00eda y garantizar la continuidad de los procesos que se desarrollen en estos centros educativos.<\/li>\n<\/ul>\n\n\n\n<p>Tanto la formaci\u00f3n como las reuniones de acompa\u00f1amiento y de transferencia se har\u00e1n en modalidades combinadas, con sesiones virtuales y sesiones presenciales que cumplir\u00e1n con el protocolo de bioseguridad de Corpoeducaci\u00f3n.<\/p>\n\n\n\n<figure class=\"wp-block-gallery has-nested-images columns-default is-cropped wp-block-gallery-1 is-layout-flex wp-block-gallery-is-layout-flex\"><\/figure>\n","protected":false},"excerpt":{"rendered":"<p>Corpoeducaci\u00f3n y Ecopetrol crean una nueva alianza estrat\u00e9gica para contribuir al mejoramiento de la calidad educativa y la retenci\u00f3n escolar por medio del desarrollo del convenio AC-02 que realizar\u00e1 formaci\u00f3n de docentes y entrega de materiales educativos en los centros escolares La Pava, Luis Antonio Calvo, Atanasio Girardot, Marco Antonio Mancera y en las instituciones [&hellip;]<\/p>\n","protected":false},"author":1,"featured_media":623,"comment_status":"open","ping_status":"open","sticky":false,"template":"","format":"standard","meta":{"_monsterinsights_skip_tracking":false,"_monsterinsights_sitenote_active":false,"_monsterinsights_sitenote_note":"","_monsterinsights_sitenote_category":0,"footnotes":""},"categories":[1],"tags":[],"class_list":["post-622","post","type-post","status-publish","format-standard","has-post-thumbnail","hentry","category-uncategorized"],"aioseo_notices":[],"_links":{"self":[{"href":"https:\/\/corpoeducacion.org.co\/pensar\/wp-json\/wp\/v2\/posts\/622","targetHints":{"allow":["GET"]}}],"collection":[{"href":"https:\/\/corpoeducacion.org.co\/pensar\/wp-json\/wp\/v2\/posts"}],"about":[{"href":"https:\/\/corpoeducacion.org.co\/pensar\/wp-json\/wp\/v2\/types\/post"}],"author":[{"embeddable":true,"href":"https:\/\/corpoeducacion.org.co\/pensar\/wp-json\/wp\/v2\/users\/1"}],"replies":[{"embeddable":true,"href":"https:\/\/corpoeducacion.org.co\/pensar\/wp-json\/wp\/v2\/comments?post=622"}],"version-history":[{"count":2,"href":"https:\/\/corpoeducacion.org.co\/pensar\/wp-json\/wp\/v2\/posts\/622\/revisions"}],"predecessor-version":[{"id":690,"href":"https:\/\/corpoeducacion.org.co\/pensar\/wp-json\/wp\/v2\/posts\/622\/revisions\/690"}],"wp:featuredmedia":[{"embeddable":true,"href":"https:\/\/corpoeducacion.org.co\/pensar\/wp-json\/wp\/v2\/media\/623"}],"wp:attachment":[{"href":"https:\/\/corpoeducacion.org.co\/pensar\/wp-json\/wp\/v2\/media?parent=622"}],"wp:term":[{"taxonomy":"category","embeddable":true,"href":"https:\/\/corpoeducacion.org.co\/pensar\/wp-json\/wp\/v2\/categories?post=622"},{"taxonomy":"post_tag","embeddable":true,"href":"https:\/\/corpoeducacion.org.co\/pensar\/wp-json\/wp\/v2\/tags?post=622"}],"curies":[{"name":"wp","href":"https:\/\/api.w.org\/{rel}","templated":true}]}}