{"id":612,"date":"2025-09-30T20:09:40","date_gmt":"2025-09-30T20:09:40","guid":{"rendered":"https:\/\/corpoeducacion.org.co\/pensar\/?p=612"},"modified":"2025-10-10T22:24:54","modified_gmt":"2025-10-10T22:24:54","slug":"modelo-pensar-formacion-y-acompanamiento-en-bucaramanga","status":"publish","type":"post","link":"https:\/\/corpoeducacion.org.co\/pensar\/uncategorized\/modelo-pensar-formacion-y-acompanamiento-en-bucaramanga\/","title":{"rendered":"MODELO PENSAR\u00ae: FORMACI\u00d3N Y ACOMPA\u00d1AMIENTO EN BUCARAMANGA"},"content":{"rendered":"\n<p>Durante el 2018 CORPOEDUCACI\u00d3N trabaj\u00f3 de la mano con la Secretar\u00eda de Educaci\u00f3n de Bucaramanga en varios procesos de formaci\u00f3n y acompa\u00f1amiento.<\/p>\n\n\n\n<p>Dada la necesidad de generar una atenci\u00f3n a la poblaci\u00f3n en extraedad, se trabaj\u00f3 en la Implementaci\u00f3n del Modelo Flexible Pensar (creado por Corpoeducaci\u00f3n) para poblaci\u00f3n extraedad en educaci\u00f3n media y secundaria y se realizaron acciones de &nbsp;sensibilizaci\u00f3n y capacitaci\u00f3n a los docentes para su implementaci\u00f3n en las aulas de tres instituciones educativas de Bucaramanga y en la sede del Sistema de Responsabilidad Penal Adolescente (SRPA).<\/p>\n\n\n\n<p>Este proceso incluy\u00f3 formaci\u00f3n orientada a los directivos docentes en cabeza de los rectores, para&nbsp; potenciar la capacidad de liderazgo y gesti\u00f3n en las Instituciones Educativas. En tal sentido, ofrecer algunas herramientas que puedan dejar capacidad instalada para mejorar procesos&nbsp; de la gesti\u00f3n escolar.<\/p>\n\n\n\n<p><em>Encuentro de con 48 rectores de la Secretar\u00eda de Educaci\u00f3n de la ciudad de Bucaramanga realizado en noviembre de 2018.<\/em><\/p>\n\n\n\n<p>Tambi\u00e9n se trat\u00f3 fortalecimiento curricular dirigida a docentes y coordinadores centrada en el desarrollo de capacidades a nivel pedag\u00f3gico y curricular para realizar procesos de ajuste y actualizaci\u00f3n de la propuesta pedag\u00f3gica&nbsp; en lo que tiene que ver con el plan de estudios, los planes de \u00e1rea y de aula&nbsp; de la Instituci\u00f3n Educativa focalizada.<\/p>\n\n\n\n<p>Actualizaci\u00f3n: 19 de diciembre de 2018.<\/p>\n\n\n\n<figure class=\"wp-block-gallery has-nested-images columns-default is-cropped wp-block-gallery-1 is-layout-flex wp-block-gallery-is-layout-flex\">\n<figure class=\"wp-block-image size-large\"><img fetchpriority=\"high\" decoding=\"async\" width=\"1024\" height=\"768\" data-id=\"613\" src=\"https:\/\/corpoeducacion.org.co\/pensar\/wp-content\/uploads\/2025\/09\/7.WhatsApp-Image-2018-11-13-at-12.18.19-PM-1024x768-1.jpeg\" alt=\"\" class=\"wp-image-613\" srcset=\"https:\/\/corpoeducacion.org.co\/pensar\/wp-content\/uploads\/2025\/09\/7.WhatsApp-Image-2018-11-13-at-12.18.19-PM-1024x768-1.jpeg 1024w, https:\/\/corpoeducacion.org.co\/pensar\/wp-content\/uploads\/2025\/09\/7.WhatsApp-Image-2018-11-13-at-12.18.19-PM-1024x768-1-300x225.jpeg 300w, https:\/\/corpoeducacion.org.co\/pensar\/wp-content\/uploads\/2025\/09\/7.WhatsApp-Image-2018-11-13-at-12.18.19-PM-1024x768-1-768x576.jpeg 768w\" sizes=\"(max-width: 1024px) 100vw, 1024px\" \/><\/figure>\n<\/figure>\n","protected":false},"excerpt":{"rendered":"<p>Durante el 2018 CORPOEDUCACI\u00d3N trabaj\u00f3 de la mano con la Secretar\u00eda de Educaci\u00f3n de Bucaramanga en varios procesos de formaci\u00f3n y acompa\u00f1amiento. Dada la necesidad de generar una atenci\u00f3n a la poblaci\u00f3n en extraedad, se trabaj\u00f3 en la Implementaci\u00f3n del Modelo Flexible Pensar (creado por Corpoeducaci\u00f3n) para poblaci\u00f3n extraedad en educaci\u00f3n media y secundaria y [&hellip;]<\/p>\n","protected":false},"author":1,"featured_media":0,"comment_status":"open","ping_status":"open","sticky":false,"template":"","format":"standard","meta":{"_monsterinsights_skip_tracking":false,"_monsterinsights_sitenote_active":false,"_monsterinsights_sitenote_note":"","_monsterinsights_sitenote_category":0,"footnotes":""},"categories":[1],"tags":[],"class_list":["post-612","post","type-post","status-publish","format-standard","hentry","category-uncategorized"],"aioseo_notices":[],"_links":{"self":[{"href":"https:\/\/corpoeducacion.org.co\/pensar\/wp-json\/wp\/v2\/posts\/612","targetHints":{"allow":["GET"]}}],"collection":[{"href":"https:\/\/corpoeducacion.org.co\/pensar\/wp-json\/wp\/v2\/posts"}],"about":[{"href":"https:\/\/corpoeducacion.org.co\/pensar\/wp-json\/wp\/v2\/types\/post"}],"author":[{"embeddable":true,"href":"https:\/\/corpoeducacion.org.co\/pensar\/wp-json\/wp\/v2\/users\/1"}],"replies":[{"embeddable":true,"href":"https:\/\/corpoeducacion.org.co\/pensar\/wp-json\/wp\/v2\/comments?post=612"}],"version-history":[{"count":2,"href":"https:\/\/corpoeducacion.org.co\/pensar\/wp-json\/wp\/v2\/posts\/612\/revisions"}],"predecessor-version":[{"id":693,"href":"https:\/\/corpoeducacion.org.co\/pensar\/wp-json\/wp\/v2\/posts\/612\/revisions\/693"}],"wp:attachment":[{"href":"https:\/\/corpoeducacion.org.co\/pensar\/wp-json\/wp\/v2\/media?parent=612"}],"wp:term":[{"taxonomy":"category","embeddable":true,"href":"https:\/\/corpoeducacion.org.co\/pensar\/wp-json\/wp\/v2\/categories?post=612"},{"taxonomy":"post_tag","embeddable":true,"href":"https:\/\/corpoeducacion.org.co\/pensar\/wp-json\/wp\/v2\/tags?post=612"}],"curies":[{"name":"wp","href":"https:\/\/api.w.org\/{rel}","templated":true}]}}