{"id":609,"date":"2025-09-30T20:07:43","date_gmt":"2025-09-30T20:07:43","guid":{"rendered":"https:\/\/corpoeducacion.org.co\/pensar\/?p=609"},"modified":"2025-10-10T22:24:45","modified_gmt":"2025-10-10T22:24:45","slug":"modelo-pedagogico-pensar-en-el-centro-educativo-champagnat-la-paz-bogota","status":"publish","type":"post","link":"https:\/\/corpoeducacion.org.co\/pensar\/uncategorized\/modelo-pedagogico-pensar-en-el-centro-educativo-champagnat-la-paz-bogota\/","title":{"rendered":"MODELO PEDAG\u00d3GICO PENSAR\u00ae EN EL CENTRO EDUCATIVO CHAMPAGNAT \u2013 LA PAZ BOGOT\u00c1"},"content":{"rendered":"\n<p>Corpoeducaci\u00f3n realiz\u00f3 la implementaci\u00f3n del Modelo Pedag\u00f3gico Pensar en el Centro Educativo Champagnat \u2013 La Paz Bogot\u00e1, con el fin de contribuir al mejoramiento de las condiciones para la atenci\u00f3n educativa de los j\u00f3venes en extra-edad del centro comunitario Champagnat, ubicado en el barrio Danubio La Paz en Bogot\u00e1, mediante la inclusi\u00f3n en un modelo educativo pertinente donde se procure evitar la deserci\u00f3n del sistema.<\/p>\n\n\n\n<p>Este proceso comprende una ruta de formaci\u00f3n, acompa\u00f1amiento, seguimiento y evaluaci\u00f3n a los resultados de la implementaci\u00f3n.<\/p>\n\n\n\n<figure class=\"wp-block-gallery has-nested-images columns-default is-cropped wp-block-gallery-1 is-layout-flex wp-block-gallery-is-layout-flex\">\n<figure class=\"wp-block-image size-large\"><img fetchpriority=\"high\" decoding=\"async\" width=\"1024\" height=\"768\" data-id=\"610\" src=\"https:\/\/corpoeducacion.org.co\/pensar\/wp-content\/uploads\/2025\/09\/4.2015-PENSAR-Maristas_13331-scaled-1-1024x768-1.jpg\" alt=\"\" class=\"wp-image-610\" srcset=\"https:\/\/corpoeducacion.org.co\/pensar\/wp-content\/uploads\/2025\/09\/4.2015-PENSAR-Maristas_13331-scaled-1-1024x768-1.jpg 1024w, https:\/\/corpoeducacion.org.co\/pensar\/wp-content\/uploads\/2025\/09\/4.2015-PENSAR-Maristas_13331-scaled-1-1024x768-1-300x225.jpg 300w, https:\/\/corpoeducacion.org.co\/pensar\/wp-content\/uploads\/2025\/09\/4.2015-PENSAR-Maristas_13331-scaled-1-1024x768-1-768x576.jpg 768w\" sizes=\"(max-width: 1024px) 100vw, 1024px\" \/><\/figure>\n<\/figure>\n","protected":false},"excerpt":{"rendered":"<p>Corpoeducaci\u00f3n realiz\u00f3 la implementaci\u00f3n del Modelo Pedag\u00f3gico Pensar en el Centro Educativo Champagnat \u2013 La Paz Bogot\u00e1, con el fin de contribuir al mejoramiento de las condiciones para la atenci\u00f3n educativa de los j\u00f3venes en extra-edad del centro comunitario Champagnat, ubicado en el barrio Danubio La Paz en Bogot\u00e1, mediante la inclusi\u00f3n en un modelo [&hellip;]<\/p>\n","protected":false},"author":1,"featured_media":0,"comment_status":"open","ping_status":"open","sticky":false,"template":"","format":"standard","meta":{"_monsterinsights_skip_tracking":false,"_monsterinsights_sitenote_active":false,"_monsterinsights_sitenote_note":"","_monsterinsights_sitenote_category":0,"footnotes":""},"categories":[1],"tags":[],"class_list":["post-609","post","type-post","status-publish","format-standard","hentry","category-uncategorized"],"aioseo_notices":[],"_links":{"self":[{"href":"https:\/\/corpoeducacion.org.co\/pensar\/wp-json\/wp\/v2\/posts\/609","targetHints":{"allow":["GET"]}}],"collection":[{"href":"https:\/\/corpoeducacion.org.co\/pensar\/wp-json\/wp\/v2\/posts"}],"about":[{"href":"https:\/\/corpoeducacion.org.co\/pensar\/wp-json\/wp\/v2\/types\/post"}],"author":[{"embeddable":true,"href":"https:\/\/corpoeducacion.org.co\/pensar\/wp-json\/wp\/v2\/users\/1"}],"replies":[{"embeddable":true,"href":"https:\/\/corpoeducacion.org.co\/pensar\/wp-json\/wp\/v2\/comments?post=609"}],"version-history":[{"count":2,"href":"https:\/\/corpoeducacion.org.co\/pensar\/wp-json\/wp\/v2\/posts\/609\/revisions"}],"predecessor-version":[{"id":692,"href":"https:\/\/corpoeducacion.org.co\/pensar\/wp-json\/wp\/v2\/posts\/609\/revisions\/692"}],"wp:attachment":[{"href":"https:\/\/corpoeducacion.org.co\/pensar\/wp-json\/wp\/v2\/media?parent=609"}],"wp:term":[{"taxonomy":"category","embeddable":true,"href":"https:\/\/corpoeducacion.org.co\/pensar\/wp-json\/wp\/v2\/categories?post=609"},{"taxonomy":"post_tag","embeddable":true,"href":"https:\/\/corpoeducacion.org.co\/pensar\/wp-json\/wp\/v2\/tags?post=609"}],"curies":[{"name":"wp","href":"https:\/\/api.w.org\/{rel}","templated":true}]}}